{"id":1404,"date":"2026-08-31T16:48:05","date_gmt":"2026-08-31T15:48:05","guid":{"rendered":"https:\/\/www.clinicagranell.com\/noticias\/?p=1404"},"modified":"2026-08-31T16:55:24","modified_gmt":"2026-08-31T15:55:24","slug":"clinica-granell-inaugura-una-nueva-etapa-en-burriana","status":"publish","type":"post","link":"https:\/\/www.clinicagranell.com\/noticias\/clinica-granell-inaugura-una-nueva-etapa-en-burriana\/","title":{"rendered":"Cl\u00ednica Granell inaugura una nueva etapa en Burriana"},"content":{"rendered":"\n<p class=\"has-text-align-center\">La nueva Cl\u00ednica Granell ya es una realidad. Tras m\u00e1s de 60 a\u00f1os dedicados al cuidado de la salud, hemos abierto las puertas de unas nuevas instalaciones en Burriana concebidas para ampliar nuestra forma de trabajar y ofrecer a nuestros pacientes un servicio todav\u00eda m\u00e1s completo.<\/p>\n\n\n\n<p class=\"has-text-align-center\">La inauguraci\u00f3n reuni\u00f3 a pacientes, familiares, amigos, colaboradores y profesionales que han formado parte de la historia de Cl\u00ednica Granell a lo largo de todos estos a\u00f1os. Una jornada muy especial para todo el equipo y, sobre todo, el comienzo de una nueva etapa que afrontamos con la misma cercan\u00eda y compromiso de siempre.<\/p>\n\n\n\n<h2 class=\"has-text-align-center\">Un nuevo espacio para una atenci\u00f3n m\u00e1s completa<\/h2>\n\n\n\n<p class=\"has-text-align-center\">Las nuevas instalaciones nos permiten reunir en un mismo centro diferentes \u00e1reas destinadas al tratamiento, la recuperaci\u00f3n, la prevenci\u00f3n y el bienestar.<\/p>\n\n\n\n<p class=\"has-text-align-center\">La fisioterapia y la osteopat\u00eda contin\u00faan siendo pilares fundamentales de nuestra forma de trabajar, incorporando adem\u00e1s tecnolog\u00eda y t\u00e9cnicas de fisioterapia avanzada que nos ayudan a personalizar cada tratamiento.<\/p>\n\n\n\n<p class=\"has-text-align-center\">A estos servicios se suman nuevas propuestas relacionadas con el movimiento y el ejercicio, como Pilates Reformer, pr\u00f3ximamente Pilates Suelo, Ejercicio Terap\u00e9utico y Readaptaci\u00f3n F\u00edsica junto a Sferum Training Center.<\/p>\n\n\n\n<p class=\"has-text-align-center\">El objetivo es que nuestros pacientes puedan encontrar en un mismo lugar diferentes profesionales y herramientas para acompa\u00f1arlos durante todo su proceso, desde una lesi\u00f3n o una molestia hasta la recuperaci\u00f3n de la actividad f\u00edsica y el mantenimiento de una vida activa.<\/p>\n\n\n\n<h2 class=\"has-text-align-center\">Pilates Reformer, una de las grandes novedades<\/h2>\n\n\n\n<p class=\"has-text-align-center\">Uno de los servicios que ya est\u00e1 funcionando en la nueva cl\u00ednica es Pilates Reformer.<\/p>\n\n\n\n<p class=\"has-text-align-center\">Las sesiones se realizan en grupos muy reducidos, de un m\u00e1ximo de cinco personas, y est\u00e1n guiadas por fisioterapeutas colegiados. Esto nos permite supervisar cada ejercicio, realizar correcciones y adaptar el trabajo a las caracter\u00edsticas y necesidades de cada persona.<\/p>\n\n\n\n<p class=\"has-text-align-center\">Adem\u00e1s, existe la posibilidad de realizar una valoraci\u00f3n inicial antes de comenzar, especialmente recomendable para conocer el punto de partida y cualquier posible limitaci\u00f3n o molestia.<\/p>\n\n\n\n<p class=\"has-text-align-center\">El objetivo no es \u00fanicamente hacer ejercicio, sino aprender a moverse mejor, mejorar el control corporal, trabajar la musculatura y cuidar la salud de forma segura.<\/p>\n\n\n\n<div style=\"height:6px\" aria-hidden=\"true\" class=\"wp-block-spacer\"><\/div>\n\n\n\n<figure class=\"wp-block-gallery columns-3 is-cropped\"><ul class=\"blocks-gallery-grid\"><li class=\"blocks-gallery-item\"><figure><img loading=\"lazy\" width=\"300\" height=\"200\" src=\"https:\/\/www.clinicagranell.com\/noticias\/wp-content\/uploads\/DSC_9085-1-300x200.jpg\" alt=\"\" data-id=\"1418\" data-full-url=\"https:\/\/www.clinicagranell.com\/noticias\/wp-content\/uploads\/DSC_9085-1.jpg\" data-link=\"https:\/\/www.clinicagranell.com\/noticias\/clinica-granell-inaugura-una-nueva-etapa-en-burriana\/dsc_9085-1\/\" class=\"wp-image-1418\" srcset=\"https:\/\/www.clinicagranell.com\/noticias\/wp-content\/uploads\/DSC_9085-1-300x200.jpg 300w, https:\/\/www.clinicagranell.com\/noticias\/wp-content\/uploads\/DSC_9085-1-1024x682.jpg 1024w, https:\/\/www.clinicagranell.com\/noticias\/wp-content\/uploads\/DSC_9085-1-768x512.jpg 768w, https:\/\/www.clinicagranell.com\/noticias\/wp-content\/uploads\/DSC_9085-1-1536x1024.jpg 1536w, https:\/\/www.clinicagranell.com\/noticias\/wp-content\/uploads\/DSC_9085-1-600x400.jpg 600w, https:\/\/www.clinicagranell.com\/noticias\/wp-content\/uploads\/DSC_9085-1-945x630.jpg 945w, https:\/\/www.clinicagranell.com\/noticias\/wp-content\/uploads\/DSC_9085-1.jpg 2000w\" sizes=\"(max-width: 300px) 100vw, 300px\" \/><\/figure><\/li><li class=\"blocks-gallery-item\"><figure><img loading=\"lazy\" width=\"300\" height=\"200\" src=\"https:\/\/www.clinicagranell.com\/noticias\/wp-content\/uploads\/DSC_9017-1-300x200.jpg\" alt=\"\" data-id=\"1419\" data-full-url=\"https:\/\/www.clinicagranell.com\/noticias\/wp-content\/uploads\/DSC_9017-1.jpg\" data-link=\"https:\/\/www.clinicagranell.com\/noticias\/clinica-granell-inaugura-una-nueva-etapa-en-burriana\/dsc_9017-1\/\" class=\"wp-image-1419\" srcset=\"https:\/\/www.clinicagranell.com\/noticias\/wp-content\/uploads\/DSC_9017-1-300x200.jpg 300w, https:\/\/www.clinicagranell.com\/noticias\/wp-content\/uploads\/DSC_9017-1-1024x682.jpg 1024w, https:\/\/www.clinicagranell.com\/noticias\/wp-content\/uploads\/DSC_9017-1-768x512.jpg 768w, https:\/\/www.clinicagranell.com\/noticias\/wp-content\/uploads\/DSC_9017-1-1536x1024.jpg 1536w, https:\/\/www.clinicagranell.com\/noticias\/wp-content\/uploads\/DSC_9017-1-600x400.jpg 600w, https:\/\/www.clinicagranell.com\/noticias\/wp-content\/uploads\/DSC_9017-1-945x630.jpg 945w, https:\/\/www.clinicagranell.com\/noticias\/wp-content\/uploads\/DSC_9017-1.jpg 2000w\" sizes=\"(max-width: 300px) 100vw, 300px\" \/><\/figure><\/li><li class=\"blocks-gallery-item\"><figure><img loading=\"lazy\" width=\"300\" height=\"200\" src=\"https:\/\/www.clinicagranell.com\/noticias\/wp-content\/uploads\/DSC_9019-1-300x200.jpg\" alt=\"\" data-id=\"1420\" data-full-url=\"https:\/\/www.clinicagranell.com\/noticias\/wp-content\/uploads\/DSC_9019-1.jpg\" data-link=\"https:\/\/www.clinicagranell.com\/noticias\/clinica-granell-inaugura-una-nueva-etapa-en-burriana\/dsc_9019-1\/\" class=\"wp-image-1420\" srcset=\"https:\/\/www.clinicagranell.com\/noticias\/wp-content\/uploads\/DSC_9019-1-300x200.jpg 300w, https:\/\/www.clinicagranell.com\/noticias\/wp-content\/uploads\/DSC_9019-1-1024x682.jpg 1024w, https:\/\/www.clinicagranell.com\/noticias\/wp-content\/uploads\/DSC_9019-1-768x512.jpg 768w, https:\/\/www.clinicagranell.com\/noticias\/wp-content\/uploads\/DSC_9019-1-1536x1024.jpg 1536w, https:\/\/www.clinicagranell.com\/noticias\/wp-content\/uploads\/DSC_9019-1-600x400.jpg 600w, https:\/\/www.clinicagranell.com\/noticias\/wp-content\/uploads\/DSC_9019-1-945x630.jpg 945w, https:\/\/www.clinicagranell.com\/noticias\/wp-content\/uploads\/DSC_9019-1.jpg 2000w\" sizes=\"(max-width: 300px) 100vw, 300px\" \/><\/figure><\/li><li class=\"blocks-gallery-item\"><figure><img loading=\"lazy\" width=\"300\" height=\"200\" src=\"https:\/\/www.clinicagranell.com\/noticias\/wp-content\/uploads\/DSC_9062-300x200.jpg\" alt=\"\" data-id=\"1421\" data-full-url=\"https:\/\/www.clinicagranell.com\/noticias\/wp-content\/uploads\/DSC_9062.jpg\" data-link=\"https:\/\/www.clinicagranell.com\/noticias\/clinica-granell-inaugura-una-nueva-etapa-en-burriana\/dsc_9062\/\" class=\"wp-image-1421\" srcset=\"https:\/\/www.clinicagranell.com\/noticias\/wp-content\/uploads\/DSC_9062-300x200.jpg 300w, https:\/\/www.clinicagranell.com\/noticias\/wp-content\/uploads\/DSC_9062-1024x682.jpg 1024w, https:\/\/www.clinicagranell.com\/noticias\/wp-content\/uploads\/DSC_9062-768x512.jpg 768w, https:\/\/www.clinicagranell.com\/noticias\/wp-content\/uploads\/DSC_9062-1536x1024.jpg 1536w, https:\/\/www.clinicagranell.com\/noticias\/wp-content\/uploads\/DSC_9062-600x400.jpg 600w, https:\/\/www.clinicagranell.com\/noticias\/wp-content\/uploads\/DSC_9062-945x630.jpg 945w, https:\/\/www.clinicagranell.com\/noticias\/wp-content\/uploads\/DSC_9062.jpg 2000w\" sizes=\"(max-width: 300px) 100vw, 300px\" \/><\/figure><\/li><li class=\"blocks-gallery-item\"><figure><img loading=\"lazy\" width=\"300\" height=\"200\" src=\"https:\/\/www.clinicagranell.com\/noticias\/wp-content\/uploads\/DSC_9105-300x200.jpg\" alt=\"\" data-id=\"1422\" data-full-url=\"https:\/\/www.clinicagranell.com\/noticias\/wp-content\/uploads\/DSC_9105.jpg\" data-link=\"https:\/\/www.clinicagranell.com\/noticias\/clinica-granell-inaugura-una-nueva-etapa-en-burriana\/dsc_9105\/\" class=\"wp-image-1422\" srcset=\"https:\/\/www.clinicagranell.com\/noticias\/wp-content\/uploads\/DSC_9105-300x200.jpg 300w, https:\/\/www.clinicagranell.com\/noticias\/wp-content\/uploads\/DSC_9105-1024x682.jpg 1024w, https:\/\/www.clinicagranell.com\/noticias\/wp-content\/uploads\/DSC_9105-768x512.jpg 768w, https:\/\/www.clinicagranell.com\/noticias\/wp-content\/uploads\/DSC_9105-1536x1024.jpg 1536w, https:\/\/www.clinicagranell.com\/noticias\/wp-content\/uploads\/DSC_9105-600x400.jpg 600w, https:\/\/www.clinicagranell.com\/noticias\/wp-content\/uploads\/DSC_9105-945x630.jpg 945w, https:\/\/www.clinicagranell.com\/noticias\/wp-content\/uploads\/DSC_9105.jpg 2000w\" sizes=\"(max-width: 300px) 100vw, 300px\" \/><\/figure><\/li><li class=\"blocks-gallery-item\"><figure><img loading=\"lazy\" width=\"300\" height=\"200\" src=\"https:\/\/www.clinicagranell.com\/noticias\/wp-content\/uploads\/DSC_9186-300x200.jpg\" alt=\"\" data-id=\"1423\" data-full-url=\"https:\/\/www.clinicagranell.com\/noticias\/wp-content\/uploads\/DSC_9186.jpg\" data-link=\"https:\/\/www.clinicagranell.com\/noticias\/clinica-granell-inaugura-una-nueva-etapa-en-burriana\/dsc_9186\/\" class=\"wp-image-1423\" srcset=\"https:\/\/www.clinicagranell.com\/noticias\/wp-content\/uploads\/DSC_9186-300x200.jpg 300w, https:\/\/www.clinicagranell.com\/noticias\/wp-content\/uploads\/DSC_9186-1024x682.jpg 1024w, https:\/\/www.clinicagranell.com\/noticias\/wp-content\/uploads\/DSC_9186-768x512.jpg 768w, https:\/\/www.clinicagranell.com\/noticias\/wp-content\/uploads\/DSC_9186-1536x1024.jpg 1536w, https:\/\/www.clinicagranell.com\/noticias\/wp-content\/uploads\/DSC_9186-600x400.jpg 600w, https:\/\/www.clinicagranell.com\/noticias\/wp-content\/uploads\/DSC_9186-945x630.jpg 945w, https:\/\/www.clinicagranell.com\/noticias\/wp-content\/uploads\/DSC_9186.jpg 2000w\" sizes=\"(max-width: 300px) 100vw, 300px\" \/><\/figure><\/li><\/ul><\/figure>\n\n\n\n<div style=\"height:6px\" aria-hidden=\"true\" class=\"wp-block-spacer\"><\/div>\n\n\n\n<h2 class=\"has-text-align-center\">Gracias por acompa\u00f1arnos en esta nueva etapa<\/h2>\n\n\n\n<p class=\"has-text-align-center\">La inauguraci\u00f3n ha supuesto mucho m\u00e1s que un cambio de instalaciones. Representa la evoluci\u00f3n de un proyecto que comenz\u00f3 hace m\u00e1s de seis d\u00e9cadas y que contin\u00faa creciendo gracias a la confianza de generaciones de pacientes.<\/p>\n\n\n\n<p class=\"has-text-align-center\">Desde todo el equipo de Cl\u00ednica Granell queremos agradecer la gran acogida recibida durante estos primeros d\u00edas.<\/p>\n\n\n\n<p class=\"has-text-align-center\">Ahora empieza lo m\u00e1s importante: llenar este nuevo espacio de nuevas historias, recuperaciones y personas que deciden cuidar de su salud.<\/p>\n\n\n\n<p class=\"has-text-align-center\">\ud83d\udccd Cl\u00ednica Granell \u00b7 Juan Bautista Rochera Mingarro, 5 \u00b7 Burriana<\/p>\n\n\n\n<p class=\"has-text-align-center\">\ud83d\udcf2 Si quieres conocer nuestros nuevos servicios o reservar tu plaza en Pilates Reformer, puedes contactar con nosotros en el&nbsp;<strong>614 521 522<\/strong>.<\/p>\n","protected":false},"excerpt":{"rendered":"<p>La nueva Cl\u00ednica Granell ya es una realidad. Tras m\u00e1s de 60 a\u00f1os dedicados al cuidado de la salud, hemos abierto las puertas de unas nuevas instalaciones en Burriana concebidas para ampliar nuestra forma de trabajar y ofrecer a nuestros&#8230; <a class=\"more-link\" href=\"https:\/\/www.clinicagranell.com\/noticias\/clinica-granell-inaugura-una-nueva-etapa-en-burriana\/\">Seguir leyendo &rarr;<\/a><\/p>\n","protected":false},"author":3,"featured_media":1406,"comment_status":"open","ping_status":"open","sticky":false,"template":"","format":"standard","meta":[],"categories":[1],"tags":[],"_links":{"self":[{"href":"https:\/\/www.clinicagranell.com\/noticias\/wp-json\/wp\/v2\/posts\/1404"}],"collection":[{"href":"https:\/\/www.clinicagranell.com\/noticias\/wp-json\/wp\/v2\/posts"}],"about":[{"href":"https:\/\/www.clinicagranell.com\/noticias\/wp-json\/wp\/v2\/types\/post"}],"author":[{"embeddable":true,"href":"https:\/\/www.clinicagranell.com\/noticias\/wp-json\/wp\/v2\/users\/3"}],"replies":[{"embeddable":true,"href":"https:\/\/www.clinicagranell.com\/noticias\/wp-json\/wp\/v2\/comments?post=1404"}],"version-history":[{"count":4,"href":"https:\/\/www.clinicagranell.com\/noticias\/wp-json\/wp\/v2\/posts\/1404\/revisions"}],"predecessor-version":[{"id":1424,"href":"https:\/\/www.clinicagranell.com\/noticias\/wp-json\/wp\/v2\/posts\/1404\/revisions\/1424"}],"wp:featuredmedia":[{"embeddable":true,"href":"https:\/\/www.clinicagranell.com\/noticias\/wp-json\/wp\/v2\/media\/1406"}],"wp:attachment":[{"href":"https:\/\/www.clinicagranell.com\/noticias\/wp-json\/wp\/v2\/media?parent=1404"}],"wp:term":[{"taxonomy":"category","embeddable":true,"href":"https:\/\/www.clinicagranell.com\/noticias\/wp-json\/wp\/v2\/categories?post=1404"},{"taxonomy":"post_tag","embeddable":true,"href":"https:\/\/www.clinicagranell.com\/noticias\/wp-json\/wp\/v2\/tags?post=1404"}],"curies":[{"name":"wp","href":"https:\/\/api.w.org\/{rel}","templated":true}]}}