{"id":1309,"date":"2024-12-03T13:13:04","date_gmt":"2024-12-03T12:13:04","guid":{"rendered":"https:\/\/www.clinicagranell.com\/noticias\/?p=1309"},"modified":"2024-12-03T13:13:06","modified_gmt":"2024-12-03T12:13:06","slug":"solidaridad-dana","status":"publish","type":"post","link":"https:\/\/www.clinicagranell.com\/noticias\/solidaridad-dana\/","title":{"rendered":"Solidaridad DANA"},"content":{"rendered":"\n<p>Varios lugares de Espa\u00f1a, pero sobre todo, muchas poblaciones de la Comunidad Valenciana, se vieron gravemente <strong>afectadas por la DANA<\/strong> sufrida el pasado mes. <\/p>\n\n\n\n<p>Desde Cl\u00ednica Granell, no nos pod\u00edamos quedar de brazos cruzados y pensamos c\u00f3mo solidarizarnos con todos los afectados. Pensando cu\u00e1l ser\u00eda la mejor forma de <strong>poner nuestro granito de arena<\/strong> para, ojal\u00e1, una pronta recuperaci\u00f3n de las localidades y vecinos, consideramos que <strong>apoyar a compa\u00f1eros de profesi\u00f3n<\/strong> era lo m\u00e1s apropiado. <\/p>\n\n\n\n<p>As\u00ed pues, nos pusimos en contacto con <strong>Fisiosportem<\/strong>, <strong>cl\u00ednica de fisioterapia de Masanasa<\/strong> cuyo centro lo perdi\u00f3 todo debido a las inundaciones. \u00a1Afortunadamente, el equipo de profesionales est\u00e1n bien! y todos los da\u00f1os fueron materiales. <\/p>\n\n\n\n<p>Pero <strong>levantarse no es f\u00e1cil<\/strong>, y gracias a <strong>nuestros<\/strong> <strong>pacientes que se sumaron<\/strong> y volcaron cuando hicimos el llamamiento<strong> <\/strong>para reunir las <strong>necesidades<\/strong> de la cl\u00ednica Fisiosportem, hemos podido hacer entrega tanto de<strong> material de fisioterapia como de juguetes<\/strong> para los <strong>pacientes<\/strong>, ni\u00f1os y adultos, con <strong>da\u00f1o cerebral<\/strong> con los que trabajan. <\/p>\n\n\n\n<p>Felices de poder ayudar y enormemente <strong>agradecidos<\/strong> a todos los pacientes y amigos que se han sumado a la causa. <\/p>\n\n\n\n<p>Ojal\u00e1 pronto Fisiosportem vuelva a su actividad y pueda ofrecer su gran servicio a sus pacientes<\/p>\n\n\n\n<figure class=\"wp-block-image size-large is-resized\"><a href=\"https:\/\/www.clinicagranell.com\/noticias\/wp-content\/uploads\/Dana1.jpeg\"><img loading=\"lazy\" src=\"https:\/\/www.clinicagranell.com\/noticias\/wp-content\/uploads\/Dana1-768x1024.jpeg\" alt=\"\" class=\"wp-image-1310\" width=\"609\" height=\"812\" srcset=\"https:\/\/www.clinicagranell.com\/noticias\/wp-content\/uploads\/Dana1-768x1024.jpeg 768w, https:\/\/www.clinicagranell.com\/noticias\/wp-content\/uploads\/Dana1-225x300.jpeg 225w, https:\/\/www.clinicagranell.com\/noticias\/wp-content\/uploads\/Dana1-1152x1536.jpeg 1152w, https:\/\/www.clinicagranell.com\/noticias\/wp-content\/uploads\/Dana1-300x400.jpeg 300w, https:\/\/www.clinicagranell.com\/noticias\/wp-content\/uploads\/Dana1-945x1260.jpeg 945w, https:\/\/www.clinicagranell.com\/noticias\/wp-content\/uploads\/Dana1-600x800.jpeg 600w, https:\/\/www.clinicagranell.com\/noticias\/wp-content\/uploads\/Dana1.jpeg 1200w\" sizes=\"(max-width: 609px) 100vw, 609px\" \/><\/a><\/figure>\n\n\n\n<figure class=\"wp-block-image size-large is-resized\"><a href=\"https:\/\/www.clinicagranell.com\/noticias\/wp-content\/uploads\/Dana.jpeg\"><img loading=\"lazy\" src=\"https:\/\/www.clinicagranell.com\/noticias\/wp-content\/uploads\/Dana-938x1024.jpeg\" alt=\"\" class=\"wp-image-1311\" width=\"605\" height=\"661\" srcset=\"https:\/\/www.clinicagranell.com\/noticias\/wp-content\/uploads\/Dana-938x1024.jpeg 938w, https:\/\/www.clinicagranell.com\/noticias\/wp-content\/uploads\/Dana-275x300.jpeg 275w, https:\/\/www.clinicagranell.com\/noticias\/wp-content\/uploads\/Dana-768x839.jpeg 768w, https:\/\/www.clinicagranell.com\/noticias\/wp-content\/uploads\/Dana-300x328.jpeg 300w, https:\/\/www.clinicagranell.com\/noticias\/wp-content\/uploads\/Dana-600x655.jpeg 600w, https:\/\/www.clinicagranell.com\/noticias\/wp-content\/uploads\/Dana.jpeg 944w\" sizes=\"(max-width: 605px) 100vw, 605px\" \/><\/a><\/figure>\n","protected":false},"excerpt":{"rendered":"<p>Varios lugares de Espa\u00f1a, pero sobre todo, muchas poblaciones de la Comunidad Valenciana, se vieron gravemente afectadas por la DANA sufrida el pasado mes. Desde Cl\u00ednica Granell, no nos pod\u00edamos quedar de brazos cruzados y pensamos c\u00f3mo solidarizarnos con todos&#8230; <a class=\"more-link\" href=\"https:\/\/www.clinicagranell.com\/noticias\/solidaridad-dana\/\">Seguir leyendo &rarr;<\/a><\/p>\n","protected":false},"author":3,"featured_media":1310,"comment_status":"open","ping_status":"open","sticky":false,"template":"","format":"standard","meta":[],"categories":[290],"tags":[],"_links":{"self":[{"href":"https:\/\/www.clinicagranell.com\/noticias\/wp-json\/wp\/v2\/posts\/1309"}],"collection":[{"href":"https:\/\/www.clinicagranell.com\/noticias\/wp-json\/wp\/v2\/posts"}],"about":[{"href":"https:\/\/www.clinicagranell.com\/noticias\/wp-json\/wp\/v2\/types\/post"}],"author":[{"embeddable":true,"href":"https:\/\/www.clinicagranell.com\/noticias\/wp-json\/wp\/v2\/users\/3"}],"replies":[{"embeddable":true,"href":"https:\/\/www.clinicagranell.com\/noticias\/wp-json\/wp\/v2\/comments?post=1309"}],"version-history":[{"count":1,"href":"https:\/\/www.clinicagranell.com\/noticias\/wp-json\/wp\/v2\/posts\/1309\/revisions"}],"predecessor-version":[{"id":1312,"href":"https:\/\/www.clinicagranell.com\/noticias\/wp-json\/wp\/v2\/posts\/1309\/revisions\/1312"}],"wp:featuredmedia":[{"embeddable":true,"href":"https:\/\/www.clinicagranell.com\/noticias\/wp-json\/wp\/v2\/media\/1310"}],"wp:attachment":[{"href":"https:\/\/www.clinicagranell.com\/noticias\/wp-json\/wp\/v2\/media?parent=1309"}],"wp:term":[{"taxonomy":"category","embeddable":true,"href":"https:\/\/www.clinicagranell.com\/noticias\/wp-json\/wp\/v2\/categories?post=1309"},{"taxonomy":"post_tag","embeddable":true,"href":"https:\/\/www.clinicagranell.com\/noticias\/wp-json\/wp\/v2\/tags?post=1309"}],"curies":[{"name":"wp","href":"https:\/\/api.w.org\/{rel}","templated":true}]}}