{"id":1282,"date":"2024-04-22T17:30:46","date_gmt":"2024-04-22T16:30:46","guid":{"rendered":"http:\/\/www.clinicagranell.com\/noticias\/?p=1282"},"modified":"2024-04-22T17:30:48","modified_gmt":"2024-04-22T16:30:48","slug":"promesas-retos-y-pacientes","status":"publish","type":"post","link":"https:\/\/www.clinicagranell.com\/noticias\/promesas-retos-y-pacientes\/","title":{"rendered":"Promesas, retos y pacientes"},"content":{"rendered":"\n<p>El objetivo principal de Cl\u00ednica Granell es lograr <strong>que, en el menor tiempo posible, nuestros pacientes se recuperen de sus molestias y lesiones y puedan volver a disfrutar de calidad de vida<\/strong>. Nos alegra much\u00edsimo que nuestros pacientes vuelvan a, no s\u00f3lo so\u00f1ar, <strong>cumplir nuevos objetivos <\/strong>y retos (sin importar en tama\u00f1o de estos). Nos alegra much\u00edsimo que puedan volver a realizar su d\u00eda a d\u00eda anterior a una lesi\u00f3n o que se pongan <strong>nuevas metas<\/strong>. <\/p>\n\n\n\n<figure class=\"wp-block-image size-large\"><a href=\"http:\/\/www.clinicagranell.com\/noticias\/wp-content\/uploads\/WhatsApp-mage-2024-04-21-at-12.45.08-2.jpeg\"><img loading=\"lazy\" width=\"1024\" height=\"780\" src=\"http:\/\/www.clinicagranell.com\/noticias\/wp-content\/uploads\/WhatsApp-mage-2024-04-21-at-12.45.08-2-1024x780.jpeg\" alt=\"\" class=\"wp-image-1287\" srcset=\"https:\/\/www.clinicagranell.com\/noticias\/wp-content\/uploads\/WhatsApp-mage-2024-04-21-at-12.45.08-2-1024x780.jpeg 1024w, https:\/\/www.clinicagranell.com\/noticias\/wp-content\/uploads\/WhatsApp-mage-2024-04-21-at-12.45.08-2-300x228.jpeg 300w, https:\/\/www.clinicagranell.com\/noticias\/wp-content\/uploads\/WhatsApp-mage-2024-04-21-at-12.45.08-2-768x585.jpeg 768w, https:\/\/www.clinicagranell.com\/noticias\/wp-content\/uploads\/WhatsApp-mage-2024-04-21-at-12.45.08-2-945x720.jpeg 945w, https:\/\/www.clinicagranell.com\/noticias\/wp-content\/uploads\/WhatsApp-mage-2024-04-21-at-12.45.08-2-600x457.jpeg 600w, https:\/\/www.clinicagranell.com\/noticias\/wp-content\/uploads\/WhatsApp-mage-2024-04-21-at-12.45.08-2.jpeg 1228w\" sizes=\"(max-width: 1024px) 100vw, 1024px\" \/><\/a><\/figure>\n\n\n\n<p>M\u00e1s a\u00fan, cuando conf\u00edan plenamente en nosotros y no tienen dudas en que podr\u00e1n volver a su vida anterior o, incluso, a mejorar su condici\u00f3n f\u00edsica. Pero, m\u00e1s aun, cuando <strong>compartimos promesas en este proceso de recuperaci\u00f3n<\/strong> y juntos cruzamos metas. En esta ocasi\u00f3n, nada m\u00e1s ni nada menos que la Marat\u00f3 i Mitja Castell\u00f3n-Penyagolosa. <\/p>\n\n\n\n<p>Esta fue la <strong>promesa<\/strong> que le hizo <strong>Fernando Granell<\/strong> (director de Cl\u00ednica Granell, oste\u00f3pata y fisio) a <strong>Sergio Taberner<\/strong> hace seis a\u00f1os <strong>tras padecer una hernia y casi tener que abandonar el deporte<\/strong>. \u00a1Este fin de semana la promesa se cumpli\u00f3! Tambi\u00e9n <strong>Lid\u00f3n Llansola<\/strong> complet\u00f3 el reto con ellos: los tres corrieron la cita de Penyagolosa Trails.<\/p>\n\n\n\n<figure class=\"wp-block-image size-large\"><a href=\"http:\/\/www.clinicagranell.com\/noticias\/wp-content\/uploads\/WhatsApp-Image-2024-04-21-at-12.44.42.jpeg\"><img loading=\"lazy\" width=\"768\" height=\"1024\" src=\"http:\/\/www.clinicagranell.com\/noticias\/wp-content\/uploads\/WhatsApp-Image-2024-04-21-at-12.44.42-768x1024.jpeg\" alt=\"\" class=\"wp-image-1286\" srcset=\"https:\/\/www.clinicagranell.com\/noticias\/wp-content\/uploads\/WhatsApp-Image-2024-04-21-at-12.44.42-768x1024.jpeg 768w, https:\/\/www.clinicagranell.com\/noticias\/wp-content\/uploads\/WhatsApp-Image-2024-04-21-at-12.44.42-225x300.jpeg 225w, https:\/\/www.clinicagranell.com\/noticias\/wp-content\/uploads\/WhatsApp-Image-2024-04-21-at-12.44.42-1152x1536.jpeg 1152w, https:\/\/www.clinicagranell.com\/noticias\/wp-content\/uploads\/WhatsApp-Image-2024-04-21-at-12.44.42-300x400.jpeg 300w, https:\/\/www.clinicagranell.com\/noticias\/wp-content\/uploads\/WhatsApp-Image-2024-04-21-at-12.44.42-945x1260.jpeg 945w, https:\/\/www.clinicagranell.com\/noticias\/wp-content\/uploads\/WhatsApp-Image-2024-04-21-at-12.44.42-600x800.jpeg 600w, https:\/\/www.clinicagranell.com\/noticias\/wp-content\/uploads\/WhatsApp-Image-2024-04-21-at-12.44.42.jpeg 1500w\" sizes=\"(max-width: 768px) 100vw, 768px\" \/><\/a><\/figure>\n\n\n\n<p>Adem\u00e1s, los pacientes Vicente Andrio y Sergio Sorribes fueron \u00abfinishers\u00bb. <\/p>\n\n\n\n<p><strong>\u00a1Enhorabuena a todos, ejemplo de superaci\u00f3n diaria y compromiso!<\/strong>. Nos quitamos el sombrero.<\/p>\n\n\n\n<figure class=\"wp-block-image size-large is-resized\"><a href=\"http:\/\/www.clinicagranell.com\/noticias\/wp-content\/uploads\/WhatsApp-Image024-04-21-at-12.45.09.jpeg\"><img loading=\"lazy\" src=\"http:\/\/www.clinicagranell.com\/noticias\/wp-content\/uploads\/WhatsApp-Image024-04-21-at-12.45.09-1024x768.jpeg\" alt=\"\" class=\"wp-image-1283\" width=\"570\" height=\"428\" srcset=\"https:\/\/www.clinicagranell.com\/noticias\/wp-content\/uploads\/WhatsApp-Image024-04-21-at-12.45.09-1024x768.jpeg 1024w, https:\/\/www.clinicagranell.com\/noticias\/wp-content\/uploads\/WhatsApp-Image024-04-21-at-12.45.09-300x225.jpeg 300w, https:\/\/www.clinicagranell.com\/noticias\/wp-content\/uploads\/WhatsApp-Image024-04-21-at-12.45.09-768x576.jpeg 768w, https:\/\/www.clinicagranell.com\/noticias\/wp-content\/uploads\/WhatsApp-Image024-04-21-at-12.45.09-1536x1153.jpeg 1536w, https:\/\/www.clinicagranell.com\/noticias\/wp-content\/uploads\/WhatsApp-Image024-04-21-at-12.45.09-945x709.jpeg 945w, https:\/\/www.clinicagranell.com\/noticias\/wp-content\/uploads\/WhatsApp-Image024-04-21-at-12.45.09-600x450.jpeg 600w, https:\/\/www.clinicagranell.com\/noticias\/wp-content\/uploads\/WhatsApp-Image024-04-21-at-12.45.09.jpeg 1599w\" sizes=\"(max-width: 570px) 100vw, 570px\" \/><\/a><\/figure>\n","protected":false},"excerpt":{"rendered":"<p>El objetivo principal de Cl\u00ednica Granell es lograr que, en el menor tiempo posible, nuestros pacientes se recuperen de sus molestias y lesiones y puedan volver a disfrutar de calidad de vida. Nos alegra much\u00edsimo que nuestros pacientes vuelvan a,&#8230; <a class=\"more-link\" href=\"https:\/\/www.clinicagranell.com\/noticias\/promesas-retos-y-pacientes\/\">Seguir leyendo &rarr;<\/a><\/p>\n","protected":false},"author":3,"featured_media":1287,"comment_status":"open","ping_status":"open","sticky":false,"template":"","format":"standard","meta":[],"categories":[277,432,286],"tags":[],"_links":{"self":[{"href":"https:\/\/www.clinicagranell.com\/noticias\/wp-json\/wp\/v2\/posts\/1282"}],"collection":[{"href":"https:\/\/www.clinicagranell.com\/noticias\/wp-json\/wp\/v2\/posts"}],"about":[{"href":"https:\/\/www.clinicagranell.com\/noticias\/wp-json\/wp\/v2\/types\/post"}],"author":[{"embeddable":true,"href":"https:\/\/www.clinicagranell.com\/noticias\/wp-json\/wp\/v2\/users\/3"}],"replies":[{"embeddable":true,"href":"https:\/\/www.clinicagranell.com\/noticias\/wp-json\/wp\/v2\/comments?post=1282"}],"version-history":[{"count":1,"href":"https:\/\/www.clinicagranell.com\/noticias\/wp-json\/wp\/v2\/posts\/1282\/revisions"}],"predecessor-version":[{"id":1288,"href":"https:\/\/www.clinicagranell.com\/noticias\/wp-json\/wp\/v2\/posts\/1282\/revisions\/1288"}],"wp:featuredmedia":[{"embeddable":true,"href":"https:\/\/www.clinicagranell.com\/noticias\/wp-json\/wp\/v2\/media\/1287"}],"wp:attachment":[{"href":"https:\/\/www.clinicagranell.com\/noticias\/wp-json\/wp\/v2\/media?parent=1282"}],"wp:term":[{"taxonomy":"category","embeddable":true,"href":"https:\/\/www.clinicagranell.com\/noticias\/wp-json\/wp\/v2\/categories?post=1282"},{"taxonomy":"post_tag","embeddable":true,"href":"https:\/\/www.clinicagranell.com\/noticias\/wp-json\/wp\/v2\/tags?post=1282"}],"curies":[{"name":"wp","href":"https:\/\/api.w.org\/{rel}","templated":true}]}}